{"id":990103848,"date":"2023-06-24T07:23:40","date_gmt":"2023-06-24T05:23:40","guid":{"rendered":"https:\/\/www.ptrf.si\/2023\/06\/24\/multimedia-2023\/"},"modified":"2023-06-29T11:33:24","modified_gmt":"2023-06-29T09:33:24","slug":"multimedia-2023","status":"publish","type":"post","link":"https:\/\/www.ptrf.si\/en\/2023\/06\/24\/multimedia-2023\/","title":{"rendered":"Multimedia 2023"},"content":{"rendered":"<p>{&#8220;main-title&#8221;:{&#8220;component&#8221;:&#8221;hc_title&#8221;,&#8221;id&#8221;:&#8221;main-title&#8221;,&#8221;title&#8221;:&#8221;&#8221;,&#8221;subtitle&#8221;:&#8221;&#8221;,&#8221;title_content&#8221;:{&#8220;component&#8221;:&#8221;hc_title_image&#8221;,&#8221;id&#8221;:&#8221;title-image&#8221;,&#8221;image&#8221;:&#8221;https:\/\/www.ptrf.si\/wp-content\/uploads\/2023\/06\/Podbrdo-Trail-3-1024&#215;683.jpg|1707|2560|990103845&#8243;,&#8221;full_screen&#8221;:false,&#8221;full_screen_height&#8221;:&#8221;&#8221;,&#8221;parallax&#8221;:false,&#8221;bleed&#8221;:&#8221;&#8221;,&#8221;ken_burn&#8221;:&#8221;&#8221;,&#8221;breadcrumbs&#8221;:false,&#8221;light&#8221;:false,&#8221;alignment&#8221;:&#8221;&#8221;}},&#8221;section_4Ttyv&#8221;:{&#8220;component&#8221;:&#8221;hc_section&#8221;,&#8221;id&#8221;:&#8221;section_4Ttyv&#8221;,&#8221;section_width&#8221;:&#8221;&#8221;,&#8221;animation&#8221;:&#8221;&#8221;,&#8221;animation_time&#8221;:&#8221;&#8221;,&#8221;timeline_animation&#8221;:&#8221;&#8221;,&#8221;timeline_delay&#8221;:&#8221;&#8221;,&#8221;timeline_order&#8221;:&#8221;&#8221;,&#8221;vertical_row&#8221;:&#8221;&#8221;,&#8221;css_classes&#8221;:&#8221;&#8221;,&#8221;custom_css_classes&#8221;:&#8221;&#8221;,&#8221;custom_css_styles&#8221;:&#8221;&#8221;,&#8221;section_content&#8221;:[{&#8220;component&#8221;:&#8221;hc_column&#8221;,&#8221;id&#8221;:&#8221;column_KnIaD&#8221;,&#8221;column_width&#8221;:&#8221;col-md-12&#8243;,&#8221;animation&#8221;:&#8221;&#8221;,&#8221;animation_time&#8221;:&#8221;&#8221;,&#8221;timeline_animation&#8221;:&#8221;&#8221;,&#8221;timeline_delay&#8221;:&#8221;&#8221;,&#8221;timeline_order&#8221;:&#8221;&#8221;,&#8221;css_classes&#8221;:&#8221;&#8221;,&#8221;custom_css_classes&#8221;:&#8221;&#8221;,&#8221;custom_css_styles&#8221;:&#8221;&#8221;,&#8221;main_content&#8221;:[{&#8220;component&#8221;:&#8221;hc_wp_editor&#8221;,&#8221;id&#8221;:&#8221;5zA5U&#8221;,&#8221;css_classes&#8221;:&#8221;&#8221;,&#8221;custom_css_classes&#8221;:&#8221;&#8221;,&#8221;custom_css_styles&#8221;:&#8221;&#8221;,&#8221;editor_content&#8221;:&#8221;<a href='https:\/\/www.flickr.com\/photos\/165566563@N04\/collections\/72157721928987595\/'><strong>FLICKR COLLECTION: 9.PTRF 16.6. &#8211; 18.6.2023<\/strong><\/a>\\n\\nSLIKE:\\nVen\u010deslav Japelj:\\n<a href='https:\/\/photos.google.com\/share\/AF1QipMq5j7-5poIgxNRCHrDTuHxWmQiEPtYQQTG4fuey899yxGp18scwt3hxxuYrAluYA?key=dllXVkNidWdVZUkyRVNHY0dldXpzVWNNUWotZlVn'>https:\/\/photos.google.com\/share\/AF1QipMq5j7-5poIgxNRCHrDTuHxWmQiEPtYQQTG4fuey899yxGp18scwt3hxxuYrAluYA?key=dllXVkNidWdVZUkyRVNHY0dldXpzVWNNUWotZlVn<\/a>\\n\\nJo\u0161ko Opeka:\\n\\n<a href='https:\/\/fotoarttimejoeopekasp.zenfoliosite.com\/zg\/podbrdo-trail-running-festival?fbclid=IwAR2dnVmAYnyOT28g9WnCqPkB5TKa_vcYx9ASAQjf1gsAFTVRifEiQxetDck'>https:\/\/fotoarttimejoeopekasp.zenfoliosite.com\/zg\/podbrdo-trail-running-festival?fbclid=IwAR2dnVmAYnyOT28g9WnCqPkB5TKa_vcYx9ASAQjf1gsAFTVRifEiQxetDck<\/a>\\n\\nMartin Fettich:\\n\\n<a href='https:\/\/www.flickr.com\/photos\/165566563@N04\/52997368029\/in\/album-72177720309283740'>https:\/\/www.flickr.com\/photos\/165566563@N04\/52997368029\/in\/album-72177720309283740<\/a>\\n\\nVIDEO:\\nVen\u010deslav Japelj:\\n<a href='https:\/\/www.youtube.com\/watch?v=vnhrcZOARPA'>https:\/\/www.youtube.com\/watch?v=vnhrcZOARPA<\/a>\\n\\nSLO Maraton:\\n\\n<a href='https:\/\/www.facebook.com\/watch\/?ref=saved&amp;v=1085549966183472'>https:\/\/www.facebook.com\/watch\/?ref=saved&amp;v=1085549966183472<\/a>\\n\\nAndrej \u0160orli:\\n\\n<a href='https:\/\/www.youtube.com\/watch?v=wba9MBALFOU'>https:\/\/www.youtube.com\/watch?v=wba9MBALFOU<\/a>\\n\\nRenato Le\u0161nik:\\n\\n<a href='https:\/\/www.facebook.com\/renato.lesnik\/posts\/pfbid0oykV2ZYP5P2ZhcZkB9DxcdhjqNdiR7vZ3sTBK5uEeUxVhe7mFZyVXvM2ZMarjTcbl?notif_id=1688024107603656&amp;notif_t=page_tag&amp;ref=notif'>Renato Le\u0161nik &#8211; Podbrdo Trail Running Festival #70K&#8230; | Facebook<\/a>\\n\\n\u010cLANKI:\\nPrimorske novice:\\n<a href='https:\/\/www.primorske.si\/sport\/22-festival-gorskega-teka-v-podbrdu-zbral-vec-kot'>https:\/\/www.primorske.si\/sport\/22-festival-gorskega-teka-v-podbrdu-zbral-vec-kot<\/a>\\n\\nSlovenska atletika:\\n\\n<a href='https:\/\/slovenska-atletika.si\/potocnik-in-draslerjeva-drzavna-prvaka-v-gorskem-teku\/?fbclid=IwAR3ysADUK1Nmd1hnbgKps6MA8_iisUz9dXZSVIjvWfs0Xndygwz04Htzg2g'>https:\/\/slovenska-atletika.si\/potocnik-in-draslerjeva-drzavna-prvaka-v-gorskem-teku\/?fbclid=IwAR3ysADUK1Nmd1hnbgKps6MA8_iisUz9dXZSVIjvWfs0Xndygwz04Htzg2g<\/a>\\n\\nAZS Gorski teki:\\n\\n<a href='https:\/\/gorski-teki.si\/artikal_Tekaski-praznik-Na-svoji-zemlji?fbclid=IwAR3EYD97N8hWQFbKYz8LmTojCA-imLmP7BY42feIDk5jMSZ1VduPzi4Ieo0'>https:\/\/gorski-teki.si\/artikal_Tekaski-praznik-Na-svoji-zemlji?fbclid=IwAR3EYD97N8hWQFbKYz8LmTojCA-imLmP7BY42feIDk5jMSZ1VduPzi4Ieo0<\/a>\\n\\nLjudstvo teka\u010dev:\\n<a href='https:\/\/www.ljudstvotekacev.si\/sl\/'>https:\/\/www.ljudstvotekacev.si\/sl\/<\/a>\\n\\nFB:\\n\\nRod aragonitnih je\u017ekov:\\n\\n<a href='https:\/\/www.facebook.com\/aragonitnijezki\/posts\/pfbid02C57KRpNNm13YSWQFZLSvS4oLDibyh6R2yBrPYwygGn8PEZ843d4bJsUBE1AqH72Ll'>https:\/\/www.facebook.com\/aragonitnijezki\/posts\/pfbid02C57KRpNNm13YSWQFZLSvS4oLDibyh6R2yBrPYwygGn8PEZ843d4bJsUBE1AqH72Ll<\/a>\\n\\nTina \u0160orli:\\n\\n<a href='https:\/\/www.facebook.com\/permalink.php?story_fbid=pfbid02t1tmgSxR2h1MNJ3Y1we4MKTpymmwqzEyZCzk8TV9i7JVJsHJPqoDRV6te9ythb4xl&amp;id=100010497198837'>https:\/\/www.facebook.com\/permalink.php?story_fbid=pfbid02t1tmgSxR2h1MNJ3Y1we4MKTpymmwqzEyZCzk8TV9i7JVJsHJPqoDRV6te9ythb4xl&amp;id=100010497198837<\/a>\\n\\n<a href='https:\/\/www.facebook.com\/permalink.php?story_fbid=pfbid029ujfy9w6zTH4cutuUxZnk2dHYCQwKRKCyyYYGiCVgYhfV21PQAc8NT5QxfVRddBzl&amp;id=100010497198837'>https:\/\/www.facebook.com\/permalink.php?story_fbid=pfbid029ujfy9w6zTH4cutuUxZnk2dHYCQwKRKCyyYYGiCVgYhfV21PQAc8NT5QxfVRddBzl&amp;id=100010497198837<\/a>\\n\\nTone Kert:\\n\\n<a href='https:\/\/www.facebook.com\/permalink.php?story_fbid=pfbid0wQN1P2z2m1KeUYWJ3vypqY3M4h6ph7GJ7H3x6qWky4z4PdF9meXbXJhwxoFUBy3Al&amp;id=100008293037024'>https:\/\/www.facebook.com\/permalink.php?story_fbid=pfbid0wQN1P2z2m1KeUYWJ3vypqY3M4h6ph7GJ7H3x6qWky4z4PdF9meXbXJhwxoFUBy3Al&amp;id=100008293037024<\/a>\\n\\n<a href='https:\/\/www.facebook.com\/permalink.php?story_fbid=pfbid0eVmMBHDevtV7dYMLg62mn1MJ7iwuczsSiLKGvduEGipreUZ2zQZ2tfWRH9R5tXQ7l&amp;id=100008293037024'>https:\/\/www.facebook.com\/permalink.php?story_fbid=pfbid0eVmMBHDevtV7dYMLg62mn1MJ7iwuczsSiLKGvduEGipreUZ2zQZ2tfWRH9R5tXQ7l&amp;id=100008293037024<\/a>\\n\\nMilan \u010cade\u017e:\\n\\n<a href='https:\/\/www.facebook.com\/milan.cadez\/posts\/pfbid02ZJ8HqXP5BQFihiJwXU5jgPrBd81WpJgaKb9dGsy2AyJbVAVbGw2JKmjgeLq8ruZWl'>https:\/\/www.facebook.com\/milan.cadez\/posts\/pfbid02ZJ8HqXP5BQFihiJwXU5jgPrBd81WpJgaKb9dGsy2AyJbVAVbGw2JKmjgeLq8ruZWl<\/a>\\n\\nTilen Poto\u010dnik:\\n\\n<a href='https:\/\/www.facebook.com\/permalink.php?story_fbid=pfbid05FDxENMWrJDRNJG8zAfHbbtgW79HYemrsgsgAx9KN8bgGBgjcgiyEH6CpPne6TSWl&amp;id=100011296650491'>https:\/\/www.facebook.com\/permalink.php?story_fbid=pfbid05FDxENMWrJDRNJG8zAfHbbtgW79HYemrsgsgAx9KN8bgGBgjcgiyEH6CpPne6TSWl&amp;id=100011296650491<\/a>\\n\\nDu\u0161an Rauter:\\n\\n<a href='https:\/\/www.facebook.com\/sloolson\/posts\/pfbid0DreBoAktHWbSqN3GN2usbrZNckJq8eT8o3hnX9X5MTvVNAfoLJmcwgVcPtFZmcJAl'>https:\/\/www.facebook.com\/sloolson\/posts\/pfbid0DreBoAktHWbSqN3GN2usbrZNckJq8eT8o3hnX9X5MTvVNAfoLJmcwgVcPtFZmcJAl<\/a>\\n\\nRenato Le\u0161nik:\\n\\n<a href='https:\/\/www.facebook.com\/renato.lesnik\/posts\/pfbid02a2PbYipkctX8k9UJhRbXhAGaZLAiwqBnUqTdxr3g22uNhBppSwfdW1bEfwrLPXukl'>https:\/\/www.facebook.com\/renato.lesnik\/posts\/pfbid02a2PbYipkctX8k9UJhRbXhAGaZLAiwqBnUqTdxr3g22uNhBppSwfdW1bEfwrLPXukl<\/a>\\n\\nSLO Maraton:\\n\\n<a href='https:\/\/www.facebook.com\/Slomaraton\/posts\/pfbid04ZoLUSXyYmCf9nA81BkxJP3s8WD8D2XfYTkKw7LuRj5gbbHB5np8hDGvjXP3Xyyzl'>https:\/\/www.facebook.com\/Slomaraton\/posts\/pfbid04ZoLUSXyYmCf9nA81BkxJP3s8WD8D2XfYTkKw7LuRj5gbbHB5np8hDGvjXP3Xyyzl<\/a>\\n\\n<a href='https:\/\/www.facebook.com\/Slomaraton\/posts\/pfbid07q4UsfVQQteHynHqYMvvYD5ToAb3LqGxipUU34YXF67NJynK3yudo9zj8iD8tRTRl'>https:\/\/www.facebook.com\/Slomaraton\/posts\/pfbid07q4UsfVQQteHynHqYMvvYD5ToAb3LqGxipUU34YXF67NJynK3yudo9zj8iD8tRTRl<\/a>\\n\\nMarko Cotman:\\n\\n<a href='https:\/\/www.facebook.com\/marko.cotman.9\/posts\/pfbid0UjcviefzGAiAppn8ddhE9mNK1fjF2sAGXHD6VV7Fpb6zmYdxwUYwPu1JxuTgoSWTl'>https:\/\/www.facebook.com\/marko.cotman.9\/posts\/pfbid0UjcviefzGAiAppn8ddhE9mNK1fjF2sAGXHD6VV7Fpb6zmYdxwUYwPu1JxuTgoSWTl<\/a>\\n\\nAndrej \u0160orli:\\n\\n<a href='https:\/\/www.facebook.com\/andrej.sorli\/posts\/pfbid02qUgGE1w7kVh2smpDsSpzUcBXceAoBs4wPPzzk4STLXXhAtr2Hs1jjPRjnxkNUzukl'>https:\/\/www.facebook.com\/andrej.sorli\/posts\/pfbid02qUgGE1w7kVh2smpDsSpzUcBXceAoBs4wPPzzk4STLXXhAtr2Hs1jjPRjnxkNUzukl<\/a>\\n\\nPeter Kante:\\n\\n<a href='https:\/\/www.facebook.com\/peter.kante\/posts\/pfbid0griRDRf3792XfzgYaSP6nAZx6aEiYBzmFZi6Sopd9MBXrhfcHzyksk4aHPMgwWWdl'>https:\/\/www.facebook.com\/peter.kante\/posts\/pfbid0griRDRf3792XfzgYaSP6nAZx6aEiYBzmFZi6Sopd9MBXrhfcHzyksk4aHPMgwWWdl<\/a>\\n\\nBla\u017e Lov\u0161in:\\n\\n<a href='https:\/\/www.facebook.com\/blazlovsin\/posts\/pfbid0QUazpDTnHh6GwDuxiRCjAHcC9n9TB2g5vZqYnBCbpEaMbhRqrE8QteowYoxruxqPl'>https:\/\/www.facebook.com\/blazlovsin\/posts\/pfbid0QUazpDTnHh6GwDuxiRCjAHcC9n9TB2g5vZqYnBCbpEaMbhRqrE8QteowYoxruxqPl<\/a>&#8220;}]}],&#8221;section_settings&#8221;:&#8221;&#8221;},&#8221;scripts&#8221;:{},&#8221;css&#8221;:{},&#8221;css_page&#8221;:&#8221;&#8221;,&#8221;template_setting&#8221;:{},&#8221;template_setting_top&#8221;:{},&#8221;page_setting&#8221;:{&#8220;settings&#8221;:[&#8220;lock-mode-off&#8221;]},&#8221;post_type_setting&#8221;:{&#8220;settings&#8221;:{&#8220;image&#8221;:&#8221;https:\/\/www.ptrf.si\/wp-content\/uploads\/2023\/06\/Podbrdo-Trail-3-1024&#215;683.jpg|1707|2560|990103845&#8243;,&#8221;excerpt&#8221;:&#8221;Albums, Video, Articles, FB &#8230;&#8221;,&#8221;extra_1&#8243;:&#8221;&#8221;,&#8221;extra_2&#8243;:&#8221;&#8221;,&#8221;icon&#8221;:{&#8220;icon&#8221;:&#8221;&#8221;,&#8221;icon_style&#8221;:&#8221;&#8221;,&#8221;icon_image&#8221;:&#8221;&#8221;}}}}<\/p>\n","protected":false},"excerpt":{"rendered":"<p>{&#8220;main-title&#8221;:{&#8220;component&#8221;:&#8221;hc_title&#8221;,&#8221;id&#8221;:&#8221;main-title&#8221;,&#8221;title&#8221;:&#8221;&#8221;,&#8221;subtitle&#8221;:&#8221;&#8221;,&#8221;title_content&#8221;:{&#8220;component&#8221;:&#8221;hc_title_image&#8221;,&#8221;id&#8221;:&#8221;title-image&#8221;,&#8221;image&#8221;:&#8221;https:\/\/www.ptrf.si\/wp-content\/uploads\/2023\/06\/Podbrdo-Trail-3-1024&#215;683.jpg|1707|2560|990103845&#8243;,&#8221;full_screen&#8221;:false,&#8221;full_screen_height&#8221;:&#8221;&#8221;,&#8221;parallax&#8221;:false,&#8221;bleed&#8221;:&#8221;&#8221;,&#8221;ken_burn&#8221;:&#8221;&#8221;,&#8221;breadcrumbs&#8221;:false,&#8221;light&#8221;:false,&#8221;alignment&#8221;:&#8221;&#8221;}},&#8221;section_4Ttyv&#8221;:{&#8220;component&#8221;:&#8221;hc_section&#8221;,&#8221;id&#8221;:&#8221;section_4Ttyv&#8221;,&#8221;section_width&#8221;:&#8221;&#8221;,&#8221;animation&#8221;:&#8221;&#8221;,&#8221;animation_time&#8221;:&#8221;&#8221;,&#8221;timeline_animation&#8221;:&#8221;&#8221;,&#8221;timeline_delay&#8221;:&#8221;&#8221;,&#8221;timeline_order&#8221;:&#8221;&#8221;,&#8221;vertical_row&#8221;:&#8221;&#8221;,&#8221;css_classes&#8221;:&#8221;&#8221;,&#8221;custom_css_classes&#8221;:&#8221;&#8221;,&#8221;custom_css_styles&#8221;:&#8221;&#8221;,&#8221;section_content&#8221;:[{&#8220;component&#8221;:&#8221;hc_column&#8221;,&#8221;id&#8221;:&#8221;column_KnIaD&#8221;,&#8221;column_width&#8221;:&#8221;col-md-12&#8243;,&#8221;animation&#8221;:&#8221;&#8221;,&#8221;animation_time&#8221;:&#8221;&#8221;,&#8221;timeline_animation&#8221;:&#8221;&#8221;,&#8221;timeline_delay&#8221;:&#8221;&#8221;,&#8221;timeline_order&#8221;:&#8221;&#8221;,&#8221;css_classes&#8221;:&#8221;&#8221;,&#8221;custom_css_classes&#8221;:&#8221;&#8221;,&#8221;custom_css_styles&#8221;:&#8221;&#8221;,&#8221;main_content&#8221;:[{&#8220;component&#8221;:&#8221;hc_wp_editor&#8221;,&#8221;id&#8221;:&#8221;5zA5U&#8221;,&#8221;css_classes&#8221;:&#8221;&#8221;,&#8221;custom_css_classes&#8221;:&#8221;&#8221;,&#8221;custom_css_styles&#8221;:&#8221;&#8221;,&#8221;editor_content&#8221;:&#8221;FLICKR COLLECTION: 9.PTRF 16.6. &#8211; 18.6.2023\\n\\nSLIKE:\\nVen\u010deslav Japelj:\\nhttps:\/\/photos.google.com\/share\/AF1QipMq5j7-5poIgxNRCHrDTuHxWmQiEPtYQQTG4fuey899yxGp18scwt3hxxuYrAluYA?key=dllXVkNidWdVZUkyRVNHY0dldXpzVWNNUWotZlVn\\n\\nJo\u0161ko Opeka:\\n\\nhttps:\/\/fotoarttimejoeopekasp.zenfoliosite.com\/zg\/podbrdo-trail-running-festival?fbclid=IwAR2dnVmAYnyOT28g9WnCqPkB5TKa_vcYx9ASAQjf1gsAFTVRifEiQxetDck\\n\\nMartin Fettich:\\n\\nhttps:\/\/www.flickr.com\/photos\/165566563@N04\/52997368029\/in\/album-72177720309283740\\n\\nVIDEO:\\nVen\u010deslav Japelj:\\nhttps:\/\/www.youtube.com\/watch?v=vnhrcZOARPA\\n\\nSLO Maraton:\\n\\nhttps:\/\/www.facebook.com\/watch\/?ref=saved&amp;v=1085549966183472\\n\\nAndrej \u0160orli:\\n\\nhttps:\/\/www.youtube.com\/watch?v=wba9MBALFOU\\n\\nRenato Le\u0161nik:\\n\\nRenato Le\u0161nik &#8211; Podbrdo Trail Running Festival #70K&#8230; | Facebook\\n\\n\u010cLANKI:\\nPrimorske novice:\\nhttps:\/\/www.primorske.si\/sport\/22-festival-gorskega-teka-v-podbrdu-zbral-vec-kot\\n\\nSlovenska atletika:\\n\\nhttps:\/\/slovenska-atletika.si\/potocnik-in-draslerjeva-drzavna-prvaka-v-gorskem-teku\/?fbclid=IwAR3ysADUK1Nmd1hnbgKps6MA8_iisUz9dXZSVIjvWfs0Xndygwz04Htzg2g\\n\\nAZS Gorski teki:\\n\\nhttps:\/\/gorski-teki.si\/artikal_Tekaski-praznik-Na-svoji-zemlji?fbclid=IwAR3EYD97N8hWQFbKYz8LmTojCA-imLmP7BY42feIDk5jMSZ1VduPzi4Ieo0\\n\\nLjudstvo teka\u010dev:\\nhttps:\/\/www.ljudstvotekacev.si\/sl\/\\n\\nFB:\\n\\nRod aragonitnih je\u017ekov:\\n\\nhttps:\/\/www.facebook.com\/aragonitnijezki\/posts\/pfbid02C57KRpNNm13YSWQFZLSvS4oLDibyh6R2yBrPYwygGn8PEZ843d4bJsUBE1AqH72Ll\\n\\nTina \u0160orli:\\n\\nhttps:\/\/www.facebook.com\/permalink.php?story_fbid=pfbid02t1tmgSxR2h1MNJ3Y1we4MKTpymmwqzEyZCzk8TV9i7JVJsHJPqoDRV6te9ythb4xl&amp;id=100010497198837\\n\\nhttps:\/\/www.facebook.com\/permalink.php?story_fbid=pfbid029ujfy9w6zTH4cutuUxZnk2dHYCQwKRKCyyYYGiCVgYhfV21PQAc8NT5QxfVRddBzl&amp;id=100010497198837\\n\\nTone Kert:\\n\\nhttps:\/\/www.facebook.com\/permalink.php?story_fbid=pfbid0wQN1P2z2m1KeUYWJ3vypqY3M4h6ph7GJ7H3x6qWky4z4PdF9meXbXJhwxoFUBy3Al&amp;id=100008293037024\\n\\nhttps:\/\/www.facebook.com\/permalink.php?story_fbid=pfbid0eVmMBHDevtV7dYMLg62mn1MJ7iwuczsSiLKGvduEGipreUZ2zQZ2tfWRH9R5tXQ7l&amp;id=100008293037024\\n\\nMilan \u010cade\u017e:\\n\\nhttps:\/\/www.facebook.com\/milan.cadez\/posts\/pfbid02ZJ8HqXP5BQFihiJwXU5jgPrBd81WpJgaKb9dGsy2AyJbVAVbGw2JKmjgeLq8ruZWl\\n\\nTilen Poto\u010dnik:\\n\\nhttps:\/\/www.facebook.com\/permalink.php?story_fbid=pfbid05FDxENMWrJDRNJG8zAfHbbtgW79HYemrsgsgAx9KN8bgGBgjcgiyEH6CpPne6TSWl&amp;id=100011296650491\\n\\nDu\u0161an Rauter:\\n\\nhttps:\/\/www.facebook.com\/sloolson\/posts\/pfbid0DreBoAktHWbSqN3GN2usbrZNckJq8eT8o3hnX9X5MTvVNAfoLJmcwgVcPtFZmcJAl\\n\\nRenato Le\u0161nik:\\n\\nhttps:\/\/www.facebook.com\/renato.lesnik\/posts\/pfbid02a2PbYipkctX8k9UJhRbXhAGaZLAiwqBnUqTdxr3g22uNhBppSwfdW1bEfwrLPXukl\\n\\nSLO Maraton:\\n\\nhttps:\/\/www.facebook.com\/Slomaraton\/posts\/pfbid04ZoLUSXyYmCf9nA81BkxJP3s8WD8D2XfYTkKw7LuRj5gbbHB5np8hDGvjXP3Xyyzl\\n\\nhttps:\/\/www.facebook.com\/Slomaraton\/posts\/pfbid07q4UsfVQQteHynHqYMvvYD5ToAb3LqGxipUU34YXF67NJynK3yudo9zj8iD8tRTRl\\n\\nMarko Cotman:\\n\\nhttps:\/\/www.facebook.com\/marko.cotman.9\/posts\/pfbid0UjcviefzGAiAppn8ddhE9mNK1fjF2sAGXHD6VV7Fpb6zmYdxwUYwPu1JxuTgoSWTl\\n\\nAndrej \u0160orli:\\n\\nhttps:\/\/www.facebook.com\/andrej.sorli\/posts\/pfbid02qUgGE1w7kVh2smpDsSpzUcBXceAoBs4wPPzzk4STLXXhAtr2Hs1jjPRjnxkNUzukl\\n\\nPeter Kante:\\n\\nhttps:\/\/www.facebook.com\/peter.kante\/posts\/pfbid0griRDRf3792XfzgYaSP6nAZx6aEiYBzmFZi6Sopd9MBXrhfcHzyksk4aHPMgwWWdl\\n\\nBla\u017e Lov\u0161in:\\n\\nhttps:\/\/www.facebook.com\/blazlovsin\/posts\/pfbid0QUazpDTnHh6GwDuxiRCjAHcC9n9TB2g5vZqYnBCbpEaMbhRqrE8QteowYoxruxqPl&#8220;}]}],&#8221;section_settings&#8221;:&#8221;&#8221;},&#8221;scripts&#8221;:{},&#8221;css&#8221;:{},&#8221;css_page&#8221;:&#8221;&#8221;,&#8221;template_setting&#8221;:{},&#8221;template_setting_top&#8221;:{},&#8221;page_setting&#8221;:{&#8220;settings&#8221;:[&#8220;lock-mode-off&#8221;]},&#8221;post_type_setting&#8221;:{&#8220;settings&#8221;:{&#8220;image&#8221;:&#8221;https:\/\/www.ptrf.si\/wp-content\/uploads\/2023\/06\/Podbrdo-Trail-3-1024&#215;683.jpg|1707|2560|990103845&#8243;,&#8221;excerpt&#8221;:&#8221;Albums, Video, Articles, FB &#8230;&#8221;,&#8221;extra_1&#8243;:&#8221;&#8221;,&#8221;extra_2&#8243;:&#8221;&#8221;,&#8221;icon&#8221;:{&#8220;icon&#8221;:&#8221;&#8221;,&#8221;icon_style&#8221;:&#8221;&#8221;,&#8221;icon_image&#8221;:&#8221;&#8221;}}}}<\/p>\n","protected":false},"author":2,"featured_media":0,"comment_status":"closed","ping_status":"closed","sticky":false,"template":"","format":"standard","meta":{"footnotes":""},"categories":[12],"tags":[],"class_list":["post-990103848","post","type-post","status-publish","format-standard","hentry","category-uncategorized"],"yoast_head":"<!-- This site is optimized with the Yoast SEO plugin v27.2 - https:\/\/yoast.com\/product\/yoast-seo-wordpress\/ -->\n<title>Multimedia 2023 - Podbrdo Trail Running Festival<\/title>\n<meta name=\"robots\" content=\"index, follow, max-snippet:-1, max-image-preview:large, max-video-preview:-1\" \/>\n<link rel=\"canonical\" href=\"https:\/\/www.ptrf.si\/en\/2023\/06\/24\/multimedia-2023\/\" \/>\n<meta property=\"og:locale\" content=\"en_US\" \/>\n<meta property=\"og:type\" content=\"article\" \/>\n<meta property=\"og:title\" content=\"Multimedia 2023 - Podbrdo Trail Running Festival\" \/>\n<meta property=\"og:description\" content=\"{&#8220;main-title&#8221;:{&#8220;component&#8221;:&#8221;hc_title&#8221;,&#8221;id&#8221;:&#8221;main-title&#8221;,&#8221;title&#8221;:&#8221;&#8221;,&#8221;subtitle&#8221;:&#8221;&#8221;,&#8221;title_content&#8221;:{&#8220;component&#8221;:&#8221;hc_title_image&#8221;,&#8221;id&#8221;:&#8221;title-image&#8221;,&#8221;image&#8221;:&#8221;https:\/\/www.ptrf.si\/wp-content\/uploads\/2023\/06\/Podbrdo-Trail-3-1024&#215;683.jpg|1707|2560|990103845&#8243;,&#8221;full_screen&#8221;:false,&#8221;full_screen_height&#8221;:&#8221;&#8221;,&#8221;parallax&#8221;:false,&#8221;bleed&#8221;:&#8221;&#8221;,&#8221;ken_burn&#8221;:&#8221;&#8221;,&#8221;breadcrumbs&#8221;:false,&#8221;light&#8221;:false,&#8221;alignment&#8221;:&#8221;&#8221;}},&#8221;section_4Ttyv&#8221;:{&#8220;component&#8221;:&#8221;hc_section&#8221;,&#8221;id&#8221;:&#8221;section_4Ttyv&#8221;,&#8221;section_width&#8221;:&#8221;&#8221;,&#8221;animation&#8221;:&#8221;&#8221;,&#8221;animation_time&#8221;:&#8221;&#8221;,&#8221;timeline_animation&#8221;:&#8221;&#8221;,&#8221;timeline_delay&#8221;:&#8221;&#8221;,&#8221;timeline_order&#8221;:&#8221;&#8221;,&#8221;vertical_row&#8221;:&#8221;&#8221;,&#8221;css_classes&#8221;:&#8221;&#8221;,&#8221;custom_css_classes&#8221;:&#8221;&#8221;,&#8221;custom_css_styles&#8221;:&#8221;&#8221;,&#8221;section_content&#8221;:[{&#8220;component&#8221;:&#8221;hc_column&#8221;,&#8221;id&#8221;:&#8221;column_KnIaD&#8221;,&#8221;column_width&#8221;:&#8221;col-md-12&#8243;,&#8221;animation&#8221;:&#8221;&#8221;,&#8221;animation_time&#8221;:&#8221;&#8221;,&#8221;timeline_animation&#8221;:&#8221;&#8221;,&#8221;timeline_delay&#8221;:&#8221;&#8221;,&#8221;timeline_order&#8221;:&#8221;&#8221;,&#8221;css_classes&#8221;:&#8221;&#8221;,&#8221;custom_css_classes&#8221;:&#8221;&#8221;,&#8221;custom_css_styles&#8221;:&#8221;&#8221;,&#8221;main_content&#8221;:[{&#8220;component&#8221;:&#8221;hc_wp_editor&#8221;,&#8221;id&#8221;:&#8221;5zA5U&#8221;,&#8221;css_classes&#8221;:&#8221;&#8221;,&#8221;custom_css_classes&#8221;:&#8221;&#8221;,&#8221;custom_css_styles&#8221;:&#8221;&#8221;,&#8221;editor_content&#8221;:&#8221;FLICKR COLLECTION: 9.PTRF 16.6. &#8211; 18.6.2023nnSLIKE:nVen\u010deslav Japelj:nhttps:\/\/photos.google.com\/share\/AF1QipMq5j7-5poIgxNRCHrDTuHxWmQiEPtYQQTG4fuey899yxGp18scwt3hxxuYrAluYA?key=dllXVkNidWdVZUkyRVNHY0dldXpzVWNNUWotZlVnnnJo\u0161ko Opeka:nnhttps:\/\/fotoarttimejoeopekasp.zenfoliosite.com\/zg\/podbrdo-trail-running-festival?fbclid=IwAR2dnVmAYnyOT28g9WnCqPkB5TKa_vcYx9ASAQjf1gsAFTVRifEiQxetDcknnMartin Fettich:nnhttps:\/\/www.flickr.com\/photos\/165566563@N04\/52997368029\/in\/album-72177720309283740nnVIDEO:nVen\u010deslav Japelj:nhttps:\/\/www.youtube.com\/watch?v=vnhrcZOARPAnnSLO Maraton:nnhttps:\/\/www.facebook.com\/watch\/?ref=saved&amp;v=1085549966183472nnAndrej \u0160orli:nnhttps:\/\/www.youtube.com\/watch?v=wba9MBALFOUnnRenato Le\u0161nik:nnRenato Le\u0161nik &#8211; Podbrdo Trail Running Festival #70K&#8230; | Facebooknn\u010cLANKI:nPrimorske novice:nhttps:\/\/www.primorske.si\/sport\/22-festival-gorskega-teka-v-podbrdu-zbral-vec-kotnnSlovenska atletika:nnhttps:\/\/slovenska-atletika.si\/potocnik-in-draslerjeva-drzavna-prvaka-v-gorskem-teku\/?fbclid=IwAR3ysADUK1Nmd1hnbgKps6MA8_iisUz9dXZSVIjvWfs0Xndygwz04Htzg2gnnAZS Gorski teki:nnhttps:\/\/gorski-teki.si\/artikal_Tekaski-praznik-Na-svoji-zemlji?fbclid=IwAR3EYD97N8hWQFbKYz8LmTojCA-imLmP7BY42feIDk5jMSZ1VduPzi4Ieo0nnLjudstvo teka\u010dev:nhttps:\/\/www.ljudstvotekacev.si\/sl\/nnFB:nnRod aragonitnih je\u017ekov:nnhttps:\/\/www.facebook.com\/aragonitnijezki\/posts\/pfbid02C57KRpNNm13YSWQFZLSvS4oLDibyh6R2yBrPYwygGn8PEZ843d4bJsUBE1AqH72LlnnTina \u0160orli:nnhttps:\/\/www.facebook.com\/permalink.php?story_fbid=pfbid02t1tmgSxR2h1MNJ3Y1we4MKTpymmwqzEyZCzk8TV9i7JVJsHJPqoDRV6te9ythb4xl&amp;id=100010497198837nnhttps:\/\/www.facebook.com\/permalink.php?story_fbid=pfbid029ujfy9w6zTH4cutuUxZnk2dHYCQwKRKCyyYYGiCVgYhfV21PQAc8NT5QxfVRddBzl&amp;id=100010497198837nnTone Kert:nnhttps:\/\/www.facebook.com\/permalink.php?story_fbid=pfbid0wQN1P2z2m1KeUYWJ3vypqY3M4h6ph7GJ7H3x6qWky4z4PdF9meXbXJhwxoFUBy3Al&amp;id=100008293037024nnhttps:\/\/www.facebook.com\/permalink.php?story_fbid=pfbid0eVmMBHDevtV7dYMLg62mn1MJ7iwuczsSiLKGvduEGipreUZ2zQZ2tfWRH9R5tXQ7l&amp;id=100008293037024nnMilan \u010cade\u017e:nnhttps:\/\/www.facebook.com\/milan.cadez\/posts\/pfbid02ZJ8HqXP5BQFihiJwXU5jgPrBd81WpJgaKb9dGsy2AyJbVAVbGw2JKmjgeLq8ruZWlnnTilen Poto\u010dnik:nnhttps:\/\/www.facebook.com\/permalink.php?story_fbid=pfbid05FDxENMWrJDRNJG8zAfHbbtgW79HYemrsgsgAx9KN8bgGBgjcgiyEH6CpPne6TSWl&amp;id=100011296650491nnDu\u0161an Rauter:nnhttps:\/\/www.facebook.com\/sloolson\/posts\/pfbid0DreBoAktHWbSqN3GN2usbrZNckJq8eT8o3hnX9X5MTvVNAfoLJmcwgVcPtFZmcJAlnnRenato Le\u0161nik:nnhttps:\/\/www.facebook.com\/renato.lesnik\/posts\/pfbid02a2PbYipkctX8k9UJhRbXhAGaZLAiwqBnUqTdxr3g22uNhBppSwfdW1bEfwrLPXuklnnSLO Maraton:nnhttps:\/\/www.facebook.com\/Slomaraton\/posts\/pfbid04ZoLUSXyYmCf9nA81BkxJP3s8WD8D2XfYTkKw7LuRj5gbbHB5np8hDGvjXP3Xyyzlnnhttps:\/\/www.facebook.com\/Slomaraton\/posts\/pfbid07q4UsfVQQteHynHqYMvvYD5ToAb3LqGxipUU34YXF67NJynK3yudo9zj8iD8tRTRlnnMarko Cotman:nnhttps:\/\/www.facebook.com\/marko.cotman.9\/posts\/pfbid0UjcviefzGAiAppn8ddhE9mNK1fjF2sAGXHD6VV7Fpb6zmYdxwUYwPu1JxuTgoSWTlnnAndrej \u0160orli:nnhttps:\/\/www.facebook.com\/andrej.sorli\/posts\/pfbid02qUgGE1w7kVh2smpDsSpzUcBXceAoBs4wPPzzk4STLXXhAtr2Hs1jjPRjnxkNUzuklnnPeter Kante:nnhttps:\/\/www.facebook.com\/peter.kante\/posts\/pfbid0griRDRf3792XfzgYaSP6nAZx6aEiYBzmFZi6Sopd9MBXrhfcHzyksk4aHPMgwWWdlnnBla\u017e Lov\u0161in:nnhttps:\/\/www.facebook.com\/blazlovsin\/posts\/pfbid0QUazpDTnHh6GwDuxiRCjAHcC9n9TB2g5vZqYnBCbpEaMbhRqrE8QteowYoxruxqPl&#8220;}]}],&#8221;section_settings&#8221;:&#8221;&#8221;},&#8221;scripts&#8221;:{},&#8221;css&#8221;:{},&#8221;css_page&#8221;:&#8221;&#8221;,&#8221;template_setting&#8221;:{},&#8221;template_setting_top&#8221;:{},&#8221;page_setting&#8221;:{&#8220;settings&#8221;:[&#8220;lock-mode-off&#8221;]},&#8221;post_type_setting&#8221;:{&#8220;settings&#8221;:{&#8220;image&#8221;:&#8221;https:\/\/www.ptrf.si\/wp-content\/uploads\/2023\/06\/Podbrdo-Trail-3-1024&#215;683.jpg|1707|2560|990103845&#8243;,&#8221;excerpt&#8221;:&#8221;Albums, Video, Articles, FB &#8230;&#8221;,&#8221;extra_1&#8243;:&#8221;&#8221;,&#8221;extra_2&#8243;:&#8221;&#8221;,&#8221;icon&#8221;:{&#8220;icon&#8221;:&#8221;&#8221;,&#8221;icon_style&#8221;:&#8221;&#8221;,&#8221;icon_image&#8221;:&#8221;&#8221;}}}}\" \/>\n<meta property=\"og:url\" content=\"https:\/\/www.ptrf.si\/en\/2023\/06\/24\/multimedia-2023\/\" \/>\n<meta property=\"og:site_name\" content=\"Podbrdo Trail Running Festival\" \/>\n<meta property=\"article:publisher\" content=\"https:\/\/www.facebook.com\/PodbrdoTrail\" \/>\n<meta property=\"article:published_time\" content=\"2023-06-24T05:23:40+00:00\" \/>\n<meta property=\"article:modified_time\" content=\"2023-06-29T09:33:24+00:00\" \/>\n<meta property=\"og:image\" content=\"https:\/\/www.ptrf.si\/wp-content\/uploads\/2024\/01\/WWW_naslovna_1200x675-1.png\" \/>\n\t<meta property=\"og:image:width\" content=\"1200\" \/>\n\t<meta property=\"og:image:height\" content=\"675\" \/>\n\t<meta property=\"og:image:type\" content=\"image\/png\" \/>\n<meta name=\"author\" content=\"Teodor Marko\u010d\" \/>\n<meta name=\"twitter:card\" content=\"summary_large_image\" \/>\n<meta name=\"twitter:label1\" content=\"Written by\" \/>\n\t<meta name=\"twitter:data1\" content=\"Teodor Marko\u010d\" \/>\n\t<meta name=\"twitter:label2\" content=\"Est. reading time\" \/>\n\t<meta name=\"twitter:data2\" content=\"1 minute\" \/>\n<script type=\"application\/ld+json\" class=\"yoast-schema-graph\">{\"@context\":\"https:\/\/schema.org\",\"@graph\":[{\"@type\":\"Article\",\"@id\":\"https:\/\/www.ptrf.si\/en\/2023\/06\/24\/multimedia-2023\/#article\",\"isPartOf\":{\"@id\":\"https:\/\/www.ptrf.si\/en\/2023\/06\/24\/multimedia-2023\/\"},\"author\":{\"name\":\"Teodor Marko\u010d\",\"@id\":\"https:\/\/www.ptrf.si\/en\/#\/schema\/person\/6c28444ddba609bc285833db8d5bee2c\"},\"headline\":\"Multimedia 2023\",\"datePublished\":\"2023-06-24T05:23:40+00:00\",\"dateModified\":\"2023-06-29T09:33:24+00:00\",\"mainEntityOfPage\":{\"@id\":\"https:\/\/www.ptrf.si\/en\/2023\/06\/24\/multimedia-2023\/\"},\"wordCount\":665,\"publisher\":{\"@id\":\"https:\/\/www.ptrf.si\/en\/#organization\"},\"inLanguage\":\"en-US\"},{\"@type\":\"WebPage\",\"@id\":\"https:\/\/www.ptrf.si\/en\/2023\/06\/24\/multimedia-2023\/\",\"url\":\"https:\/\/www.ptrf.si\/en\/2023\/06\/24\/multimedia-2023\/\",\"name\":\"Multimedia 2023 - Podbrdo Trail Running Festival\",\"isPartOf\":{\"@id\":\"https:\/\/www.ptrf.si\/en\/#website\"},\"datePublished\":\"2023-06-24T05:23:40+00:00\",\"dateModified\":\"2023-06-29T09:33:24+00:00\",\"breadcrumb\":{\"@id\":\"https:\/\/www.ptrf.si\/en\/2023\/06\/24\/multimedia-2023\/#breadcrumb\"},\"inLanguage\":\"en-US\",\"potentialAction\":[{\"@type\":\"ReadAction\",\"target\":[\"https:\/\/www.ptrf.si\/en\/2023\/06\/24\/multimedia-2023\/\"]}]},{\"@type\":\"BreadcrumbList\",\"@id\":\"https:\/\/www.ptrf.si\/en\/2023\/06\/24\/multimedia-2023\/#breadcrumb\",\"itemListElement\":[{\"@type\":\"ListItem\",\"position\":1,\"name\":\"Domov\",\"item\":\"https:\/\/www.ptrf.si\/en\/\"},{\"@type\":\"ListItem\",\"position\":2,\"name\":\"Multimedia 2023\"}]},{\"@type\":\"WebSite\",\"@id\":\"https:\/\/www.ptrf.si\/en\/#website\",\"url\":\"https:\/\/www.ptrf.si\/en\/\",\"name\":\"Podbrdo Trail Running Festival\",\"description\":\"Podbrdo - Slovenija\",\"publisher\":{\"@id\":\"https:\/\/www.ptrf.si\/en\/#organization\"},\"alternateName\":\"PTRF\",\"potentialAction\":[{\"@type\":\"SearchAction\",\"target\":{\"@type\":\"EntryPoint\",\"urlTemplate\":\"https:\/\/www.ptrf.si\/en\/?s={search_term_string}\"},\"query-input\":{\"@type\":\"PropertyValueSpecification\",\"valueRequired\":true,\"valueName\":\"search_term_string\"}}],\"inLanguage\":\"en-US\"},{\"@type\":\"Organization\",\"@id\":\"https:\/\/www.ptrf.si\/en\/#organization\",\"name\":\"Podbrdo Trail Running Festival\",\"alternateName\":\"PTRF\",\"url\":\"https:\/\/www.ptrf.si\/en\/\",\"logo\":{\"@type\":\"ImageObject\",\"inLanguage\":\"en-US\",\"@id\":\"https:\/\/www.ptrf.si\/en\/#\/schema\/logo\/image\/\",\"url\":\"https:\/\/www.ptrf.si\/wp-content\/uploads\/2023\/01\/front_nagovor.jpg\",\"contentUrl\":\"https:\/\/www.ptrf.si\/wp-content\/uploads\/2023\/01\/front_nagovor.jpg\",\"width\":1600,\"height\":1380,\"caption\":\"Podbrdo Trail Running Festival\"},\"image\":{\"@id\":\"https:\/\/www.ptrf.si\/en\/#\/schema\/logo\/image\/\"},\"sameAs\":[\"https:\/\/www.facebook.com\/PodbrdoTrail\",\"https:\/\/www.instagram.com\/podbrdotrail\/?hl=en\"]},{\"@type\":\"Person\",\"@id\":\"https:\/\/www.ptrf.si\/en\/#\/schema\/person\/6c28444ddba609bc285833db8d5bee2c\",\"name\":\"Teodor Marko\u010d\",\"image\":{\"@type\":\"ImageObject\",\"inLanguage\":\"en-US\",\"@id\":\"https:\/\/secure.gravatar.com\/avatar\/af08f48502d72b2c25a994e90cd24653cc7a6e818fcd1b7fc97f0c7db6be96b1?s=96&d=mm&r=g\",\"url\":\"https:\/\/secure.gravatar.com\/avatar\/af08f48502d72b2c25a994e90cd24653cc7a6e818fcd1b7fc97f0c7db6be96b1?s=96&d=mm&r=g\",\"contentUrl\":\"https:\/\/secure.gravatar.com\/avatar\/af08f48502d72b2c25a994e90cd24653cc7a6e818fcd1b7fc97f0c7db6be96b1?s=96&d=mm&r=g\",\"caption\":\"Teodor Marko\u010d\"},\"sameAs\":[\"http:\/\/www.ptrf.si\"],\"url\":\"https:\/\/www.ptrf.si\/en\/author\/teodor\/\"}]}<\/script>\n<!-- \/ Yoast SEO plugin. -->","yoast_head_json":{"title":"Multimedia 2023 - Podbrdo Trail Running Festival","robots":{"index":"index","follow":"follow","max-snippet":"max-snippet:-1","max-image-preview":"max-image-preview:large","max-video-preview":"max-video-preview:-1"},"canonical":"https:\/\/www.ptrf.si\/en\/2023\/06\/24\/multimedia-2023\/","og_locale":"en_US","og_type":"article","og_title":"Multimedia 2023 - Podbrdo Trail Running Festival","og_description":"{&#8220;main-title&#8221;:{&#8220;component&#8221;:&#8221;hc_title&#8221;,&#8221;id&#8221;:&#8221;main-title&#8221;,&#8221;title&#8221;:&#8221;&#8221;,&#8221;subtitle&#8221;:&#8221;&#8221;,&#8221;title_content&#8221;:{&#8220;component&#8221;:&#8221;hc_title_image&#8221;,&#8221;id&#8221;:&#8221;title-image&#8221;,&#8221;image&#8221;:&#8221;https:\/\/www.ptrf.si\/wp-content\/uploads\/2023\/06\/Podbrdo-Trail-3-1024&#215;683.jpg|1707|2560|990103845&#8243;,&#8221;full_screen&#8221;:false,&#8221;full_screen_height&#8221;:&#8221;&#8221;,&#8221;parallax&#8221;:false,&#8221;bleed&#8221;:&#8221;&#8221;,&#8221;ken_burn&#8221;:&#8221;&#8221;,&#8221;breadcrumbs&#8221;:false,&#8221;light&#8221;:false,&#8221;alignment&#8221;:&#8221;&#8221;}},&#8221;section_4Ttyv&#8221;:{&#8220;component&#8221;:&#8221;hc_section&#8221;,&#8221;id&#8221;:&#8221;section_4Ttyv&#8221;,&#8221;section_width&#8221;:&#8221;&#8221;,&#8221;animation&#8221;:&#8221;&#8221;,&#8221;animation_time&#8221;:&#8221;&#8221;,&#8221;timeline_animation&#8221;:&#8221;&#8221;,&#8221;timeline_delay&#8221;:&#8221;&#8221;,&#8221;timeline_order&#8221;:&#8221;&#8221;,&#8221;vertical_row&#8221;:&#8221;&#8221;,&#8221;css_classes&#8221;:&#8221;&#8221;,&#8221;custom_css_classes&#8221;:&#8221;&#8221;,&#8221;custom_css_styles&#8221;:&#8221;&#8221;,&#8221;section_content&#8221;:[{&#8220;component&#8221;:&#8221;hc_column&#8221;,&#8221;id&#8221;:&#8221;column_KnIaD&#8221;,&#8221;column_width&#8221;:&#8221;col-md-12&#8243;,&#8221;animation&#8221;:&#8221;&#8221;,&#8221;animation_time&#8221;:&#8221;&#8221;,&#8221;timeline_animation&#8221;:&#8221;&#8221;,&#8221;timeline_delay&#8221;:&#8221;&#8221;,&#8221;timeline_order&#8221;:&#8221;&#8221;,&#8221;css_classes&#8221;:&#8221;&#8221;,&#8221;custom_css_classes&#8221;:&#8221;&#8221;,&#8221;custom_css_styles&#8221;:&#8221;&#8221;,&#8221;main_content&#8221;:[{&#8220;component&#8221;:&#8221;hc_wp_editor&#8221;,&#8221;id&#8221;:&#8221;5zA5U&#8221;,&#8221;css_classes&#8221;:&#8221;&#8221;,&#8221;custom_css_classes&#8221;:&#8221;&#8221;,&#8221;custom_css_styles&#8221;:&#8221;&#8221;,&#8221;editor_content&#8221;:&#8221;FLICKR COLLECTION: 9.PTRF 16.6. &#8211; 18.6.2023nnSLIKE:nVen\u010deslav Japelj:nhttps:\/\/photos.google.com\/share\/AF1QipMq5j7-5poIgxNRCHrDTuHxWmQiEPtYQQTG4fuey899yxGp18scwt3hxxuYrAluYA?key=dllXVkNidWdVZUkyRVNHY0dldXpzVWNNUWotZlVnnnJo\u0161ko Opeka:nnhttps:\/\/fotoarttimejoeopekasp.zenfoliosite.com\/zg\/podbrdo-trail-running-festival?fbclid=IwAR2dnVmAYnyOT28g9WnCqPkB5TKa_vcYx9ASAQjf1gsAFTVRifEiQxetDcknnMartin Fettich:nnhttps:\/\/www.flickr.com\/photos\/165566563@N04\/52997368029\/in\/album-72177720309283740nnVIDEO:nVen\u010deslav Japelj:nhttps:\/\/www.youtube.com\/watch?v=vnhrcZOARPAnnSLO Maraton:nnhttps:\/\/www.facebook.com\/watch\/?ref=saved&amp;v=1085549966183472nnAndrej \u0160orli:nnhttps:\/\/www.youtube.com\/watch?v=wba9MBALFOUnnRenato Le\u0161nik:nnRenato Le\u0161nik &#8211; Podbrdo Trail Running Festival #70K&#8230; | Facebooknn\u010cLANKI:nPrimorske novice:nhttps:\/\/www.primorske.si\/sport\/22-festival-gorskega-teka-v-podbrdu-zbral-vec-kotnnSlovenska atletika:nnhttps:\/\/slovenska-atletika.si\/potocnik-in-draslerjeva-drzavna-prvaka-v-gorskem-teku\/?fbclid=IwAR3ysADUK1Nmd1hnbgKps6MA8_iisUz9dXZSVIjvWfs0Xndygwz04Htzg2gnnAZS Gorski teki:nnhttps:\/\/gorski-teki.si\/artikal_Tekaski-praznik-Na-svoji-zemlji?fbclid=IwAR3EYD97N8hWQFbKYz8LmTojCA-imLmP7BY42feIDk5jMSZ1VduPzi4Ieo0nnLjudstvo teka\u010dev:nhttps:\/\/www.ljudstvotekacev.si\/sl\/nnFB:nnRod aragonitnih je\u017ekov:nnhttps:\/\/www.facebook.com\/aragonitnijezki\/posts\/pfbid02C57KRpNNm13YSWQFZLSvS4oLDibyh6R2yBrPYwygGn8PEZ843d4bJsUBE1AqH72LlnnTina \u0160orli:nnhttps:\/\/www.facebook.com\/permalink.php?story_fbid=pfbid02t1tmgSxR2h1MNJ3Y1we4MKTpymmwqzEyZCzk8TV9i7JVJsHJPqoDRV6te9ythb4xl&amp;id=100010497198837nnhttps:\/\/www.facebook.com\/permalink.php?story_fbid=pfbid029ujfy9w6zTH4cutuUxZnk2dHYCQwKRKCyyYYGiCVgYhfV21PQAc8NT5QxfVRddBzl&amp;id=100010497198837nnTone Kert:nnhttps:\/\/www.facebook.com\/permalink.php?story_fbid=pfbid0wQN1P2z2m1KeUYWJ3vypqY3M4h6ph7GJ7H3x6qWky4z4PdF9meXbXJhwxoFUBy3Al&amp;id=100008293037024nnhttps:\/\/www.facebook.com\/permalink.php?story_fbid=pfbid0eVmMBHDevtV7dYMLg62mn1MJ7iwuczsSiLKGvduEGipreUZ2zQZ2tfWRH9R5tXQ7l&amp;id=100008293037024nnMilan \u010cade\u017e:nnhttps:\/\/www.facebook.com\/milan.cadez\/posts\/pfbid02ZJ8HqXP5BQFihiJwXU5jgPrBd81WpJgaKb9dGsy2AyJbVAVbGw2JKmjgeLq8ruZWlnnTilen Poto\u010dnik:nnhttps:\/\/www.facebook.com\/permalink.php?story_fbid=pfbid05FDxENMWrJDRNJG8zAfHbbtgW79HYemrsgsgAx9KN8bgGBgjcgiyEH6CpPne6TSWl&amp;id=100011296650491nnDu\u0161an Rauter:nnhttps:\/\/www.facebook.com\/sloolson\/posts\/pfbid0DreBoAktHWbSqN3GN2usbrZNckJq8eT8o3hnX9X5MTvVNAfoLJmcwgVcPtFZmcJAlnnRenato Le\u0161nik:nnhttps:\/\/www.facebook.com\/renato.lesnik\/posts\/pfbid02a2PbYipkctX8k9UJhRbXhAGaZLAiwqBnUqTdxr3g22uNhBppSwfdW1bEfwrLPXuklnnSLO Maraton:nnhttps:\/\/www.facebook.com\/Slomaraton\/posts\/pfbid04ZoLUSXyYmCf9nA81BkxJP3s8WD8D2XfYTkKw7LuRj5gbbHB5np8hDGvjXP3Xyyzlnnhttps:\/\/www.facebook.com\/Slomaraton\/posts\/pfbid07q4UsfVQQteHynHqYMvvYD5ToAb3LqGxipUU34YXF67NJynK3yudo9zj8iD8tRTRlnnMarko Cotman:nnhttps:\/\/www.facebook.com\/marko.cotman.9\/posts\/pfbid0UjcviefzGAiAppn8ddhE9mNK1fjF2sAGXHD6VV7Fpb6zmYdxwUYwPu1JxuTgoSWTlnnAndrej \u0160orli:nnhttps:\/\/www.facebook.com\/andrej.sorli\/posts\/pfbid02qUgGE1w7kVh2smpDsSpzUcBXceAoBs4wPPzzk4STLXXhAtr2Hs1jjPRjnxkNUzuklnnPeter Kante:nnhttps:\/\/www.facebook.com\/peter.kante\/posts\/pfbid0griRDRf3792XfzgYaSP6nAZx6aEiYBzmFZi6Sopd9MBXrhfcHzyksk4aHPMgwWWdlnnBla\u017e Lov\u0161in:nnhttps:\/\/www.facebook.com\/blazlovsin\/posts\/pfbid0QUazpDTnHh6GwDuxiRCjAHcC9n9TB2g5vZqYnBCbpEaMbhRqrE8QteowYoxruxqPl&#8220;}]}],&#8221;section_settings&#8221;:&#8221;&#8221;},&#8221;scripts&#8221;:{},&#8221;css&#8221;:{},&#8221;css_page&#8221;:&#8221;&#8221;,&#8221;template_setting&#8221;:{},&#8221;template_setting_top&#8221;:{},&#8221;page_setting&#8221;:{&#8220;settings&#8221;:[&#8220;lock-mode-off&#8221;]},&#8221;post_type_setting&#8221;:{&#8220;settings&#8221;:{&#8220;image&#8221;:&#8221;https:\/\/www.ptrf.si\/wp-content\/uploads\/2023\/06\/Podbrdo-Trail-3-1024&#215;683.jpg|1707|2560|990103845&#8243;,&#8221;excerpt&#8221;:&#8221;Albums, Video, Articles, FB &#8230;&#8221;,&#8221;extra_1&#8243;:&#8221;&#8221;,&#8221;extra_2&#8243;:&#8221;&#8221;,&#8221;icon&#8221;:{&#8220;icon&#8221;:&#8221;&#8221;,&#8221;icon_style&#8221;:&#8221;&#8221;,&#8221;icon_image&#8221;:&#8221;&#8221;}}}}","og_url":"https:\/\/www.ptrf.si\/en\/2023\/06\/24\/multimedia-2023\/","og_site_name":"Podbrdo Trail Running Festival","article_publisher":"https:\/\/www.facebook.com\/PodbrdoTrail","article_published_time":"2023-06-24T05:23:40+00:00","article_modified_time":"2023-06-29T09:33:24+00:00","og_image":[{"width":1200,"height":675,"url":"https:\/\/www.ptrf.si\/wp-content\/uploads\/2024\/01\/WWW_naslovna_1200x675-1.png","type":"image\/png"}],"author":"Teodor Marko\u010d","twitter_card":"summary_large_image","twitter_misc":{"Written by":"Teodor Marko\u010d","Est. reading time":"1 minute"},"schema":{"@context":"https:\/\/schema.org","@graph":[{"@type":"Article","@id":"https:\/\/www.ptrf.si\/en\/2023\/06\/24\/multimedia-2023\/#article","isPartOf":{"@id":"https:\/\/www.ptrf.si\/en\/2023\/06\/24\/multimedia-2023\/"},"author":{"name":"Teodor Marko\u010d","@id":"https:\/\/www.ptrf.si\/en\/#\/schema\/person\/6c28444ddba609bc285833db8d5bee2c"},"headline":"Multimedia 2023","datePublished":"2023-06-24T05:23:40+00:00","dateModified":"2023-06-29T09:33:24+00:00","mainEntityOfPage":{"@id":"https:\/\/www.ptrf.si\/en\/2023\/06\/24\/multimedia-2023\/"},"wordCount":665,"publisher":{"@id":"https:\/\/www.ptrf.si\/en\/#organization"},"inLanguage":"en-US"},{"@type":"WebPage","@id":"https:\/\/www.ptrf.si\/en\/2023\/06\/24\/multimedia-2023\/","url":"https:\/\/www.ptrf.si\/en\/2023\/06\/24\/multimedia-2023\/","name":"Multimedia 2023 - Podbrdo Trail Running Festival","isPartOf":{"@id":"https:\/\/www.ptrf.si\/en\/#website"},"datePublished":"2023-06-24T05:23:40+00:00","dateModified":"2023-06-29T09:33:24+00:00","breadcrumb":{"@id":"https:\/\/www.ptrf.si\/en\/2023\/06\/24\/multimedia-2023\/#breadcrumb"},"inLanguage":"en-US","potentialAction":[{"@type":"ReadAction","target":["https:\/\/www.ptrf.si\/en\/2023\/06\/24\/multimedia-2023\/"]}]},{"@type":"BreadcrumbList","@id":"https:\/\/www.ptrf.si\/en\/2023\/06\/24\/multimedia-2023\/#breadcrumb","itemListElement":[{"@type":"ListItem","position":1,"name":"Domov","item":"https:\/\/www.ptrf.si\/en\/"},{"@type":"ListItem","position":2,"name":"Multimedia 2023"}]},{"@type":"WebSite","@id":"https:\/\/www.ptrf.si\/en\/#website","url":"https:\/\/www.ptrf.si\/en\/","name":"Podbrdo Trail Running Festival","description":"Podbrdo - Slovenija","publisher":{"@id":"https:\/\/www.ptrf.si\/en\/#organization"},"alternateName":"PTRF","potentialAction":[{"@type":"SearchAction","target":{"@type":"EntryPoint","urlTemplate":"https:\/\/www.ptrf.si\/en\/?s={search_term_string}"},"query-input":{"@type":"PropertyValueSpecification","valueRequired":true,"valueName":"search_term_string"}}],"inLanguage":"en-US"},{"@type":"Organization","@id":"https:\/\/www.ptrf.si\/en\/#organization","name":"Podbrdo Trail Running Festival","alternateName":"PTRF","url":"https:\/\/www.ptrf.si\/en\/","logo":{"@type":"ImageObject","inLanguage":"en-US","@id":"https:\/\/www.ptrf.si\/en\/#\/schema\/logo\/image\/","url":"https:\/\/www.ptrf.si\/wp-content\/uploads\/2023\/01\/front_nagovor.jpg","contentUrl":"https:\/\/www.ptrf.si\/wp-content\/uploads\/2023\/01\/front_nagovor.jpg","width":1600,"height":1380,"caption":"Podbrdo Trail Running Festival"},"image":{"@id":"https:\/\/www.ptrf.si\/en\/#\/schema\/logo\/image\/"},"sameAs":["https:\/\/www.facebook.com\/PodbrdoTrail","https:\/\/www.instagram.com\/podbrdotrail\/?hl=en"]},{"@type":"Person","@id":"https:\/\/www.ptrf.si\/en\/#\/schema\/person\/6c28444ddba609bc285833db8d5bee2c","name":"Teodor Marko\u010d","image":{"@type":"ImageObject","inLanguage":"en-US","@id":"https:\/\/secure.gravatar.com\/avatar\/af08f48502d72b2c25a994e90cd24653cc7a6e818fcd1b7fc97f0c7db6be96b1?s=96&d=mm&r=g","url":"https:\/\/secure.gravatar.com\/avatar\/af08f48502d72b2c25a994e90cd24653cc7a6e818fcd1b7fc97f0c7db6be96b1?s=96&d=mm&r=g","contentUrl":"https:\/\/secure.gravatar.com\/avatar\/af08f48502d72b2c25a994e90cd24653cc7a6e818fcd1b7fc97f0c7db6be96b1?s=96&d=mm&r=g","caption":"Teodor Marko\u010d"},"sameAs":["http:\/\/www.ptrf.si"],"url":"https:\/\/www.ptrf.si\/en\/author\/teodor\/"}]}},"_links":{"self":[{"href":"https:\/\/www.ptrf.si\/en\/wp-json\/wp\/v2\/posts\/990103848","targetHints":{"allow":["GET"]}}],"collection":[{"href":"https:\/\/www.ptrf.si\/en\/wp-json\/wp\/v2\/posts"}],"about":[{"href":"https:\/\/www.ptrf.si\/en\/wp-json\/wp\/v2\/types\/post"}],"author":[{"embeddable":true,"href":"https:\/\/www.ptrf.si\/en\/wp-json\/wp\/v2\/users\/2"}],"replies":[{"embeddable":true,"href":"https:\/\/www.ptrf.si\/en\/wp-json\/wp\/v2\/comments?post=990103848"}],"version-history":[{"count":4,"href":"https:\/\/www.ptrf.si\/en\/wp-json\/wp\/v2\/posts\/990103848\/revisions"}],"predecessor-version":[{"id":990103872,"href":"https:\/\/www.ptrf.si\/en\/wp-json\/wp\/v2\/posts\/990103848\/revisions\/990103872"}],"wp:attachment":[{"href":"https:\/\/www.ptrf.si\/en\/wp-json\/wp\/v2\/media?parent=990103848"}],"wp:term":[{"taxonomy":"category","embeddable":true,"href":"https:\/\/www.ptrf.si\/en\/wp-json\/wp\/v2\/categories?post=990103848"},{"taxonomy":"post_tag","embeddable":true,"href":"https:\/\/www.ptrf.si\/en\/wp-json\/wp\/v2\/tags?post=990103848"}],"curies":[{"name":"wp","href":"https:\/\/api.w.org\/{rel}","templated":true}]}}